{"id":21985,"date":"2019-10-09T18:15:20","date_gmt":"2019-10-09T18:15:20","guid":{"rendered":"https:\/\/equisana.ch\/alimentation-adaptee-a-lespece\/"},"modified":"2024-05-12T12:13:21","modified_gmt":"2024-05-12T12:13:21","slug":"alimentation-adaptee-a-lespece","status":"publish","type":"post","link":"https:\/\/equisana.ch\/fr\/alimentation-adaptee-a-lespece\/","title":{"rendered":"Alimentation adapt\u00e9e \u00e0 l&rsquo;esp\u00e8ce"},"content":{"rendered":"<p>Comme on me demande souvent ce qui fait partie d&rsquo;une alimentation naturelle et adapt\u00e9e aux chevaux, j&rsquo;ai d\u00e9cid\u00e9 d&rsquo;\u00e9crire ce petit article pour expliquer quelques principes que tout propri\u00e9taire de chevaux devrait conna\u00eetre.<\/p>\n<p>La base d&rsquo;une alimentation adapt\u00e9e aux chevaux est le fourrage grossier. Celle-ci comprend le foin, la paille et l&rsquo;herbe. Cela est li\u00e9 au pass\u00e9 de nos chevaux. En tant qu&rsquo;anciens habitants des steppes, ils \u00e9taient occup\u00e9s la majeure partie de la journ\u00e9e \u00e0 consommer du fourrage grossier, pauvre en \u00e9nergie.<\/p>\n<p>Il faut absolument conserver cette habitude, car l&rsquo;ensemble de l&rsquo;appareil digestif du cheval est con\u00e7u pour absorber de la nourriture en permanence.<\/p>\n<p>La r\u00e8gle g\u00e9n\u00e9rale pour calculer les besoins quotidiens en fourrage grossier est la suivante :<\/p>\n<p><strong>Au moins 1,5 \u00e0 2 kg de foin par jour pour 100 kg de poids corporel.<\/strong><\/p>\n<p>La consommation de fourrage grossier doit \u00eatre r\u00e9guli\u00e8re tout au long de la journ\u00e9e (et de la nuit !) et il faut absolument \u00e9viter les pauses trop longues entre deux repas (plus de 3-4 heures). Dans le cas contraire, des probl\u00e8mes de sant\u00e9 peuvent appara\u00eetre.<\/p>\n<p>Dans nos r\u00e9gions, le foin est g\u00e9n\u00e9ralement tr\u00e8s riche en \u00e9nergie et pauvre en diversit\u00e9 d&rsquo;esp\u00e8ces, car nos herbes de prairie sont principalement destin\u00e9es \u00e0 l&rsquo;agriculture et plant\u00e9es pour r\u00e9pondre aux besoins alimentaires des bovins. L&rsquo;herbe est donc cultiv\u00e9e pour son app\u00e9tence, sa masse et sa richesse \u00e9nerg\u00e9tique. L&rsquo;app\u00e9tence est synonyme de sucres &#8211; le sucre signifie une teneur \u00e9lev\u00e9e en fructose. C&rsquo;est pourquoi de nombreux chevaux (robustes) et surtout des poneys sont confront\u00e9s \u00e0 un risque de surpoids lorsqu&rsquo;ils ont du foin \u00e0 disposition 24 heures sur 24 et qu&rsquo;ils ne doivent pas travailler suffisamment. Il est possible d&rsquo;y rem\u00e9dier en utilisant ce que l&rsquo;on appelle des \u00ab\u00a0slow feeders\u00a0\u00bb, comme par exemple des filets \u00e0 foin \u00e0 mailles serr\u00e9es. EQUISANA propose une grande vari\u00e9t\u00e9 de filets \u00e0 foin diff\u00e9rents qui permettent de prolonger consid\u00e9rablement le temps d&rsquo;ingestion.<\/p>\n<p>Le foin peut aussi \u00eatre m\u00e9lang\u00e9 \u00e0 de la paille et ainsi \u00ab\u00a0allong\u00e9\u00a0\u00bb pour prolonger la dur\u00e9e d&rsquo;ingestion. La proportion de paille ne doit toutefois pas d\u00e9passer 30% de la ration quotidienne totale en fourrage grossier, faute de quoi le cheval risque une colique de constipation. La paille est plus riche en fibres brutes que le foin et contient moins d&rsquo;\u00e9nergie que ce dernier. Les chevaux qui sont log\u00e9s sur une liti\u00e8re alternative devraient \u00e9galement recevoir de la paille \u00e0 grignoter tous les jours.<\/p>\n<p>Je recommande aussi souvent de donner du bois sous forme de branches fines, y compris les feuilles et l&rsquo;\u00e9corce, afin de prolonger la dur\u00e9e de la prise alimentaire et de satisfaire le besoin de mastication des chevaux.<\/p>\n<p>Les bois peuvent constituer un compl\u00e9ment naturel pr\u00e9cieux, combler les pauses alimentaires et aider \u00e0 lutter contre l&rsquo;ennui. Ils contiennent non seulement des nutriments (notamment des fibres brutes, des prot\u00e9ines, des hydrates de carbone), mais aussi des min\u00e9raux et oligo-\u00e9l\u00e9ments. La part de bois\/branches ne devrait pas d\u00e9passer 10% de la ration quotidienne de fourrage grossier.<\/p>\n<p>Tous les arbres et arbustes ne conviennent toutefois pas \u00e0 l&rsquo;alimentation des chevaux, car certains d&rsquo;entre eux peuvent \u00eatre toxiques pour eux ! En r\u00e8gle g\u00e9n\u00e9rale, les arbres fruitiers non trait\u00e9s, le noisetier, le bouleau, le fr\u00eane, le peuplier, le framboisier, la m\u00fbre (feuilles), l&rsquo;aub\u00e9pine ou le saule peuvent \u00eatre donn\u00e9s aux chevaux sans probl\u00e8me. Le saule contient cependant un anti-inflammatoire naturel, l&rsquo;acide salicylique (\u00e0 l&rsquo;origine de l&rsquo;aspirine), qui a un effet analg\u00e9sique et peut \u00e9galement donner un r\u00e9sultat positif lors d&rsquo;un contr\u00f4le antidopage !<\/p>\n<p>Mais cette forme d&rsquo;alimentation du cheval, sans doute la plus naturelle, ne suffit g\u00e9n\u00e9ralement pas \u00e0 couvrir l&rsquo;ensemble des besoins en min\u00e9raux, vitamines et oligo-\u00e9l\u00e9ments. C&rsquo;est pourquoi il est recommand\u00e9 de lui donner un compl\u00e9memt min\u00e9ral de haute qualit\u00e9. Ainsi, les d\u00e9ficits d&rsquo;approvisionnement peuvent \u00eatre compens\u00e9s. Pour en savoir plus sur les compl\u00e9ments min\u00e9raux, cliquez <a href=\"https:\/\/equisana.ch\/fr\/quels-criteres-ont-ete-utilises-pour-choisir-les-complements-mineraux\/\">ici<\/a>.<\/p>\n<p>Les besoins \u00e9nerg\u00e9tiques des chevaux qui travaillent ne peuvent pas non plus \u00eatre couverts uniquement par le fourrage grossier. Les chevaux ayant de la peine \u00e0 prendre ou \u00e0 garder leur poids, ou ceux \u00e2g\u00e9s ne peuvent pas non plus se contenter de fourrage grossier. C&rsquo;est pourquoi il est possible de leur donner en compl\u00e9ment des aliments concentr\u00e9s. Il s&rsquo;agit g\u00e9n\u00e9ralement de c\u00e9r\u00e9ales ou de m\u00e9langes de c\u00e9r\u00e9ales. Pour que l&rsquo;alimentation du cheval soit conforme aux besoins de l&rsquo;esp\u00e8ce, il ne faut jamais donner de trop grandes quantit\u00e9s d&rsquo;aliments concentr\u00e9s. Il est pr\u00e9f\u00e9rable de r\u00e9partir plusieurs petites portions sur la journ\u00e9e plut\u00f4t que deux grandes distributions. Des erreurs dans l&rsquo;alimentation peuvent avoir de graves cons\u00e9quences (p. ex. coliques). L&rsquo;alimentation concentr\u00e9e devrait toujours \u00eatre donn\u00e9e APR\u00c8S la distribution du fourrage (au moins 30&prime; entre les deux).<\/p>\n<p><strong>Aliments concentr\u00e9s pour chevaux<\/strong><\/p>\n<p>Pour que l&rsquo;aliment concentr\u00e9 soit aussi naturel que possible, veillez \u00e0 ce qu&rsquo;il ne contienne pas de colorants ou d&rsquo;ar\u00f4mes artificiels et jetez un coup d&rsquo;\u0153il \u00e0 la composition.<\/p>\n<p>En principe, la n\u00e9cessit\u00e9 d&rsquo;un aliment concentr\u00e9 en plus d&rsquo;un fourrage grossier et d&rsquo;un compl\u00e9ment min\u00e9ral devrait \u00eatre \u00e9valu\u00e9e individuellement. La quantit\u00e9 ou la ration d\u00e9pend des caract\u00e9ristiques suivantes du cheval concern\u00e9 :<\/p>\n<p>&#8211; \u00c9tat nutritionnel et poids corporel<\/p>\n<p>&#8211; Performance de travail demand\u00e9<\/p>\n<p>&#8211; Influences ext\u00e9rieures \/ conditions d&rsquo;\u00e9levage \/ saison<\/p>\n<p>&#8211; Teneur \u00e9nerg\u00e9tique du fourrage (peut varier).<\/p>\n<p><strong>De quoi d&rsquo;autre a-t-il besoin ?<\/strong><\/p>\n<p>Ce qui ne doit en aucun cas manquer, c&rsquo;est le libre acc\u00e8s \u00e0 l&rsquo;eau fra\u00eeche. Un cheval de 500 kg a besoin d&rsquo;au moins 20 \u00e0 40 litres d&rsquo;eau par jour pour ses besoins d&rsquo;entretien et lorsque la temp\u00e9rature ext\u00e9rieure ne d\u00e9passe pas 20\u00b0C environ.<\/p>\n<p>Cette quantit\u00e9 peut toutefois augmenter massivement si les temp\u00e9ratures ext\u00e9rieures sont \u00e9lev\u00e9es, si le cheval transpire (entra\u00eenement ou chaleur) ou s&rsquo;il mange beaucoup de foin (uniquement) (en comparaison, l&rsquo;herbe contient environ 60-80% d&rsquo;eau ; le foin n&rsquo;en contient que 7-10%).<\/p>\n<p>Il est pr\u00e9f\u00e9rable de laisser de l&rsquo;eau \u00e0 libre disposition. Mais n&rsquo;oubliez pas de contr\u00f4ler quotidiennement les abreuvoirs ou les bassins ! Les chevaux sont tr\u00e8s sensibles aux salissures de toutes sortes (p. ex. fientes d&rsquo;oiseaux, insectes morts) ou aux odeurs \u00e9trang\u00e8res et peuvent donc refuser de boire de l&rsquo;eau.<\/p>\n<p>Quand l&rsquo;eau est tr\u00e8s froide en hiver, certains chevaux peuvent y \u00eatre sensibles et en consommer moins. C&rsquo;est pourquoi il est recommand\u00e9 de proposer de l&rsquo;eau temp\u00e9r\u00e9e (7 &#8211; 15\u00b0C) \u00e0 cette p\u00e9riode de l&rsquo;ann\u00e9e. Sinon, des coliques peuvent en r\u00e9sulter.<\/p>\n<p>Le sel, par exemple sous la forme d&rsquo;une pierre \u00e0 l\u00e9cher, devrait \u00e9galement \u00eatre mis \u00e0 disposition toute l&rsquo;ann\u00e9e.<\/p>\n<p>En hiver, l&rsquo;ajout de sel augmente l&rsquo;absorption d&rsquo;eau, ce qui est bon pour les raisons mentionn\u00e9es ci-dessus. En \u00e9t\u00e9, l&rsquo;absorption de sel remplace la perte due \u00e0 la transpiration. Un cheval adulte a besoin d&rsquo;environ 30 ml de sel (chlorure de sodium) par jour. En cas de chaleur, d&rsquo;humidit\u00e9 et d&rsquo;exercice, les besoins augmentent d&rsquo;autant plus. Le foin ne contient g\u00e9n\u00e9ralement pas assez de sel. C&rsquo;est pourquoi une pierre \u00e0 l\u00e9cher doit \u00eatre mise \u00e0 disposition pour couvrir ce besoin. Ce sel doit \u00eatre aussi naturel que possible et ne doit pas contenir d&rsquo;iode ou de fluor ajout\u00e9 !<\/p>\n<p><strong>Alimentation compl\u00e9mentaire : oui ou non ?<\/strong><\/p>\n<p>On ne peut pas r\u00e9pondre \u00e0 cette question de mani\u00e8re g\u00e9n\u00e9rale. Cela d\u00e9pend de nombreux facteurs tels que l&rsquo;\u00e2ge, l&rsquo;alimentation et l&rsquo;\u00e9tat de sant\u00e9 de chaque cheval.<\/p>\n<p>Beaucoup n&rsquo;aide pas beaucoup, ou moins est souvent plus ! Il est nettement pr\u00e9f\u00e9rable de donner des herbes ou d&rsquo;autres compl\u00e9ments en fonction des besoins et par cures, si l&rsquo;alimentation de base ne couvre pas les besoins (d&rsquo;entretien).<\/p>\n<p>Selon la qualit\u00e9 du foin, il est judicieux de donner des acides gras naturels sous forme de graines de chia ou de lin par exemple. Une poign\u00e9e de graines de tournesol par jour est \u00e9galement une bonne source d&rsquo;acides gras. Ces graines sont beaucoup mieux m\u00e9tabolis\u00e9es par le corps que l&rsquo;ajout d&rsquo;huile pure.<\/p>\n<p>La vitamine A (pr\u00e9curseur = b\u00eata-carot\u00e8ne) et la vitamine D sont pr\u00e9sentes en abondance dans l&rsquo;herbe. C&rsquo;est pourquoi il est peu utile de donner ces vitamines en \u00e9t\u00e9. Plus le foin est stock\u00e9 longtemps, plus ces vitamines sont perdues dans le foin. C&rsquo;est pourquoi il est judicieux de donner un aliment min\u00e9ral vitamin\u00e9 en hiver.<\/p>\n<p>La vitamine C se perd dans le foin. Toutefois, les jeunes chevaux peuvent produire eux-m\u00eames cette vitamine. Ce n&rsquo;est que chez les chevaux \u00e2g\u00e9s, dont le foie a parfois du mal \u00e0 produire cette vitamine, que l&rsquo;ajout de cette vitamine peut \u00eatre utile dans certaines circonstances.<\/p>\n<p>Pendant des ann\u00e9es, les prot\u00e9ines ont \u00e9t\u00e9 mal vues ou consid\u00e9r\u00e9es comme une cause possible de fourbure et ont donc \u00e9t\u00e9 fortement \u00e9vit\u00e9es dans l&rsquo;alimentation des chevaux. Pourtant, le corps a besoin de ces \u00e9l\u00e9ments de base pour le maintenir en bonne sant\u00e9. De nombreux processus m\u00e9taboliques, comme par exemple le syst\u00e8me immunitaire, ont besoin de prot\u00e9ines pour fonctionner correctement. La production de la corne du sabot, des crins et des poils n\u00e9cessite \u00e9galement suffisamment de prot\u00e9ines. En particulier pour les races de chevaux qui ont beaucoup de poils et de crins, comme les Frisons, les Tinker (cobs irlandais) ou les Ib\u00e9riques, un apport suffisant en prot\u00e9ines devrait \u00eatre garanti. Si le foin en manque, on peut parfaitement le compl\u00e9ter par des pr\u00e9parations sp\u00e9ciales d&rsquo;acides amin\u00e9s. Dans notre boutique, vous trouverez un choix de produits de ce type.<\/p>\n<p>Avant de donner n&rsquo;importe quel compl\u00e9ment alimentaire \u00e0 son cheval, il faut se demander ce que l&rsquo;on veut obtenir et quel est l&rsquo;approvisionnement de base du cheval. Ce n&rsquo;est pas parce que le coll\u00e8gue d&rsquo;\u00e9curie a donn\u00e9 un produit X \u00e0 son cheval et obtenu de bons r\u00e9sultats que VOTRE cheval en a besoin ou qu&rsquo;il r\u00e9agira aussi bien. Chaque cheval est diff\u00e9rent et il faut toujours consid\u00e9rer les choses individuellement !<\/p>\n<p><strong>R\u00e9sum\u00e9 des besoins alimentaires d&rsquo;un cheval en fonction de son esp\u00e8ce<\/strong><\/p>\n<p>&#8211; Quotidiennement : eau, sel, aliments min\u00e9raux, suffisamment de fourrage grossier (herbe, foin, paille, branches) 24 heures sur 24. \u00c9viter les longues pauses entre les repas !<\/p>\n<p>&#8211; Si n\u00e9cessaire : aliments concentr\u00e9s, aliments compl\u00e9mentaires, ol\u00e9agineux, herbes, pr\u00e9parations vitamin\u00e9es.<\/p>\n<p><em><strong>Si vous n&rsquo;\u00eates pas s\u00fbr de savoir exactement ce dont votre cheval a besoin et que vous \u00eates perdu dans la jungle des aliments et des compl\u00e9ments alimentaires, n&rsquo;h\u00e9sitez pas \u00e0 me contacter. Je me ferai un plaisir de vous conseiller !<\/strong><\/em><\/p>\n","protected":false},"excerpt":{"rendered":"<p>Comme on me demande souvent ce qui fait partie d&rsquo;une alimentation naturelle et adapt\u00e9e aux chevaux, j&rsquo;ai d\u00e9cid\u00e9 d&rsquo;\u00e9crire ce petit article pour expliquer quelques principes que tout propri\u00e9taire de chevaux devrait conna\u00eetre. La base d&rsquo;une alimentation adapt\u00e9e aux chevaux est le fourrage grossier. Celle-ci comprend le foin, la paille et l&rsquo;herbe. Cela est li\u00e9 [&hellip;]<\/p>\n","protected":false},"author":2,"featured_media":21988,"comment_status":"closed","ping_status":"closed","sticky":false,"template":"","format":"standard","meta":{"footnotes":""},"categories":[43],"tags":[],"class_list":["post-21985","post","type-post","status-publish","format-standard","has-post-thumbnail","hentry","category-alimentation-du-cheval"],"yoast_head":"<!-- This site is optimized with the Yoast SEO plugin v27.4 - https:\/\/yoast.com\/product\/yoast-seo-wordpress\/ -->\n<title>Alimentation adapt\u00e9e \u00e0 l&#039;esp\u00e8ce - Equisana Sarl tout simplement naturel<\/title>\n<meta name=\"description\" content=\"Guide sur le th\u00e8me de l&#039;alimentation adapt\u00e9e \u00e0 l&#039;esp\u00e8ce et \u00e0 ses besoins. Une base importante que tout propri\u00e9taire de cheval devrait conna\u00eetre!\" \/>\n<meta name=\"robots\" content=\"index, follow, max-snippet:-1, max-image-preview:large, max-video-preview:-1\" \/>\n<link rel=\"canonical\" href=\"https:\/\/equisana.ch\/fr\/alimentation-adaptee-a-lespece\/\" \/>\n<meta property=\"og:locale\" content=\"fr_FR\" \/>\n<meta property=\"og:type\" content=\"article\" \/>\n<meta property=\"og:title\" content=\"Alimentation adapt\u00e9e \u00e0 l&#039;esp\u00e8ce - Equisana Sarl tout simplement naturel\" \/>\n<meta property=\"og:description\" content=\"Guide sur le th\u00e8me de l&#039;alimentation adapt\u00e9e \u00e0 l&#039;esp\u00e8ce et \u00e0 ses besoins. Une base importante que tout propri\u00e9taire de cheval devrait conna\u00eetre!\" \/>\n<meta property=\"og:url\" content=\"https:\/\/equisana.ch\/fr\/alimentation-adaptee-a-lespece\/\" \/>\n<meta property=\"og:site_name\" content=\"Equisana Sarl tout simplement naturel\" \/>\n<meta property=\"article:publisher\" content=\"https:\/\/www.facebook.com\/Equisana\/\" \/>\n<meta property=\"article:published_time\" content=\"2019-10-09T18:15:20+00:00\" \/>\n<meta property=\"article:modified_time\" content=\"2024-05-12T12:13:21+00:00\" \/>\n<meta property=\"og:image\" content=\"https:\/\/equisana.ch\/wp-content\/uploads\/2019\/10\/Darco-optimized.jpg\" \/>\n\t<meta property=\"og:image:width\" content=\"800\" \/>\n\t<meta property=\"og:image:height\" content=\"600\" \/>\n\t<meta property=\"og:image:type\" content=\"image\/jpeg\" \/>\n<meta name=\"author\" content=\"Fabiola H\u00fclsen\" \/>\n<meta name=\"twitter:card\" content=\"summary_large_image\" \/>\n<meta name=\"twitter:label1\" content=\"\u00c9crit par\" \/>\n\t<meta name=\"twitter:data1\" content=\"Fabiola H\u00fclsen\" \/>\n\t<meta name=\"twitter:label2\" content=\"Dur\u00e9e de lecture estim\u00e9e\" \/>\n\t<meta name=\"twitter:data2\" content=\"10 minutes\" \/>\n<script type=\"application\/ld+json\" class=\"yoast-schema-graph\">{\"@context\":\"https:\\\/\\\/schema.org\",\"@graph\":[{\"@type\":\"Article\",\"@id\":\"https:\\\/\\\/equisana.ch\\\/fr\\\/alimentation-adaptee-a-lespece\\\/#article\",\"isPartOf\":{\"@id\":\"https:\\\/\\\/equisana.ch\\\/fr\\\/alimentation-adaptee-a-lespece\\\/\"},\"author\":{\"name\":\"Fabiola H\u00fclsen\",\"@id\":\"https:\\\/\\\/equisana.ch\\\/#\\\/schema\\\/person\\\/5933766b0bf5ec89e5251a9d96c726c0\"},\"headline\":\"Alimentation adapt\u00e9e \u00e0 l&rsquo;esp\u00e8ce\",\"datePublished\":\"2019-10-09T18:15:20+00:00\",\"dateModified\":\"2024-05-12T12:13:21+00:00\",\"mainEntityOfPage\":{\"@id\":\"https:\\\/\\\/equisana.ch\\\/fr\\\/alimentation-adaptee-a-lespece\\\/\"},\"wordCount\":1920,\"publisher\":{\"@id\":\"https:\\\/\\\/equisana.ch\\\/#organization\"},\"image\":{\"@id\":\"https:\\\/\\\/equisana.ch\\\/fr\\\/alimentation-adaptee-a-lespece\\\/#primaryimage\"},\"thumbnailUrl\":\"https:\\\/\\\/equisana.ch\\\/wp-content\\\/uploads\\\/2019\\\/10\\\/Darco-optimized.jpg\",\"articleSection\":[\"Alimentation du cheval\"],\"inLanguage\":\"fr-FR\"},{\"@type\":\"WebPage\",\"@id\":\"https:\\\/\\\/equisana.ch\\\/fr\\\/alimentation-adaptee-a-lespece\\\/\",\"url\":\"https:\\\/\\\/equisana.ch\\\/fr\\\/alimentation-adaptee-a-lespece\\\/\",\"name\":\"Alimentation adapt\u00e9e \u00e0 l'esp\u00e8ce - Equisana Sarl tout simplement naturel\",\"isPartOf\":{\"@id\":\"https:\\\/\\\/equisana.ch\\\/#website\"},\"primaryImageOfPage\":{\"@id\":\"https:\\\/\\\/equisana.ch\\\/fr\\\/alimentation-adaptee-a-lespece\\\/#primaryimage\"},\"image\":{\"@id\":\"https:\\\/\\\/equisana.ch\\\/fr\\\/alimentation-adaptee-a-lespece\\\/#primaryimage\"},\"thumbnailUrl\":\"https:\\\/\\\/equisana.ch\\\/wp-content\\\/uploads\\\/2019\\\/10\\\/Darco-optimized.jpg\",\"datePublished\":\"2019-10-09T18:15:20+00:00\",\"dateModified\":\"2024-05-12T12:13:21+00:00\",\"description\":\"Guide sur le th\u00e8me de l'alimentation adapt\u00e9e \u00e0 l'esp\u00e8ce et \u00e0 ses besoins. Une base importante que tout propri\u00e9taire de cheval devrait conna\u00eetre!\",\"breadcrumb\":{\"@id\":\"https:\\\/\\\/equisana.ch\\\/fr\\\/alimentation-adaptee-a-lespece\\\/#breadcrumb\"},\"inLanguage\":\"fr-FR\",\"potentialAction\":[{\"@type\":\"ReadAction\",\"target\":[\"https:\\\/\\\/equisana.ch\\\/fr\\\/alimentation-adaptee-a-lespece\\\/\"]}]},{\"@type\":\"ImageObject\",\"inLanguage\":\"fr-FR\",\"@id\":\"https:\\\/\\\/equisana.ch\\\/fr\\\/alimentation-adaptee-a-lespece\\\/#primaryimage\",\"url\":\"https:\\\/\\\/equisana.ch\\\/wp-content\\\/uploads\\\/2019\\\/10\\\/Darco-optimized.jpg\",\"contentUrl\":\"https:\\\/\\\/equisana.ch\\\/wp-content\\\/uploads\\\/2019\\\/10\\\/Darco-optimized.jpg\",\"width\":800,\"height\":600,\"caption\":\"equisana-ratgeber-artgerechte-f\u00fctterung\"},{\"@type\":\"BreadcrumbList\",\"@id\":\"https:\\\/\\\/equisana.ch\\\/fr\\\/alimentation-adaptee-a-lespece\\\/#breadcrumb\",\"itemListElement\":[{\"@type\":\"ListItem\",\"position\":1,\"name\":\"Startseite\",\"item\":\"https:\\\/\\\/equisana.ch\\\/\"},{\"@type\":\"ListItem\",\"position\":2,\"name\":\"Alimentation adapt\u00e9e \u00e0 l&#8217;esp\u00e8ce\"}]},{\"@type\":\"WebSite\",\"@id\":\"https:\\\/\\\/equisana.ch\\\/#website\",\"url\":\"https:\\\/\\\/equisana.ch\\\/\",\"name\":\"EQUISANA GmbH einfach nat\u00fcrlich\",\"description\":\"Tout simplement naturel\",\"publisher\":{\"@id\":\"https:\\\/\\\/equisana.ch\\\/#organization\"},\"potentialAction\":[{\"@type\":\"SearchAction\",\"target\":{\"@type\":\"EntryPoint\",\"urlTemplate\":\"https:\\\/\\\/equisana.ch\\\/?s={search_term_string}\"},\"query-input\":{\"@type\":\"PropertyValueSpecification\",\"valueRequired\":true,\"valueName\":\"search_term_string\"}}],\"inLanguage\":\"fr-FR\"},{\"@type\":\"Organization\",\"@id\":\"https:\\\/\\\/equisana.ch\\\/#organization\",\"name\":\"EQUISANA GmbH einfach nat\u00fcrlich\",\"url\":\"https:\\\/\\\/equisana.ch\\\/\",\"logo\":{\"@type\":\"ImageObject\",\"inLanguage\":\"fr-FR\",\"@id\":\"https:\\\/\\\/equisana.ch\\\/#\\\/schema\\\/logo\\\/image\\\/\",\"url\":\"https:\\\/\\\/equisana.ch\\\/wp-content\\\/uploads\\\/2023\\\/03\\\/cropped-equisana-logo.png\",\"contentUrl\":\"https:\\\/\\\/equisana.ch\\\/wp-content\\\/uploads\\\/2023\\\/03\\\/cropped-equisana-logo.png\",\"width\":342,\"height\":124,\"caption\":\"EQUISANA GmbH einfach nat\u00fcrlich\"},\"image\":{\"@id\":\"https:\\\/\\\/equisana.ch\\\/#\\\/schema\\\/logo\\\/image\\\/\"},\"sameAs\":[\"https:\\\/\\\/www.facebook.com\\\/Equisana\\\/\"]},{\"@type\":\"Person\",\"@id\":\"https:\\\/\\\/equisana.ch\\\/#\\\/schema\\\/person\\\/5933766b0bf5ec89e5251a9d96c726c0\",\"name\":\"Fabiola H\u00fclsen\",\"image\":{\"@type\":\"ImageObject\",\"inLanguage\":\"fr-FR\",\"@id\":\"https:\\\/\\\/secure.gravatar.com\\\/avatar\\\/732986e94ce7fe78962fb8e63f4e3404611df7d50822c1f240b40c2bb5cd641d?s=96&d=mm&r=g\",\"url\":\"https:\\\/\\\/secure.gravatar.com\\\/avatar\\\/732986e94ce7fe78962fb8e63f4e3404611df7d50822c1f240b40c2bb5cd641d?s=96&d=mm&r=g\",\"contentUrl\":\"https:\\\/\\\/secure.gravatar.com\\\/avatar\\\/732986e94ce7fe78962fb8e63f4e3404611df7d50822c1f240b40c2bb5cd641d?s=96&d=mm&r=g\",\"caption\":\"Fabiola H\u00fclsen\"},\"url\":\"https:\\\/\\\/equisana.ch\\\/fr\\\/author\\\/fabiola\\\/\"}]}<\/script>\n<!-- \/ Yoast SEO plugin. -->","yoast_head_json":{"title":"Alimentation adapt\u00e9e \u00e0 l'esp\u00e8ce - Equisana Sarl tout simplement naturel","description":"Guide sur le th\u00e8me de l'alimentation adapt\u00e9e \u00e0 l'esp\u00e8ce et \u00e0 ses besoins. Une base importante que tout propri\u00e9taire de cheval devrait conna\u00eetre!","robots":{"index":"index","follow":"follow","max-snippet":"max-snippet:-1","max-image-preview":"max-image-preview:large","max-video-preview":"max-video-preview:-1"},"canonical":"https:\/\/equisana.ch\/fr\/alimentation-adaptee-a-lespece\/","og_locale":"fr_FR","og_type":"article","og_title":"Alimentation adapt\u00e9e \u00e0 l'esp\u00e8ce - Equisana Sarl tout simplement naturel","og_description":"Guide sur le th\u00e8me de l'alimentation adapt\u00e9e \u00e0 l'esp\u00e8ce et \u00e0 ses besoins. Une base importante que tout propri\u00e9taire de cheval devrait conna\u00eetre!","og_url":"https:\/\/equisana.ch\/fr\/alimentation-adaptee-a-lespece\/","og_site_name":"Equisana Sarl tout simplement naturel","article_publisher":"https:\/\/www.facebook.com\/Equisana\/","article_published_time":"2019-10-09T18:15:20+00:00","article_modified_time":"2024-05-12T12:13:21+00:00","og_image":[{"width":800,"height":600,"url":"https:\/\/equisana.ch\/wp-content\/uploads\/2019\/10\/Darco-optimized.jpg","type":"image\/jpeg"}],"author":"Fabiola H\u00fclsen","twitter_card":"summary_large_image","twitter_misc":{"\u00c9crit par":"Fabiola H\u00fclsen","Dur\u00e9e de lecture estim\u00e9e":"10 minutes"},"schema":{"@context":"https:\/\/schema.org","@graph":[{"@type":"Article","@id":"https:\/\/equisana.ch\/fr\/alimentation-adaptee-a-lespece\/#article","isPartOf":{"@id":"https:\/\/equisana.ch\/fr\/alimentation-adaptee-a-lespece\/"},"author":{"name":"Fabiola H\u00fclsen","@id":"https:\/\/equisana.ch\/#\/schema\/person\/5933766b0bf5ec89e5251a9d96c726c0"},"headline":"Alimentation adapt\u00e9e \u00e0 l&rsquo;esp\u00e8ce","datePublished":"2019-10-09T18:15:20+00:00","dateModified":"2024-05-12T12:13:21+00:00","mainEntityOfPage":{"@id":"https:\/\/equisana.ch\/fr\/alimentation-adaptee-a-lespece\/"},"wordCount":1920,"publisher":{"@id":"https:\/\/equisana.ch\/#organization"},"image":{"@id":"https:\/\/equisana.ch\/fr\/alimentation-adaptee-a-lespece\/#primaryimage"},"thumbnailUrl":"https:\/\/equisana.ch\/wp-content\/uploads\/2019\/10\/Darco-optimized.jpg","articleSection":["Alimentation du cheval"],"inLanguage":"fr-FR"},{"@type":"WebPage","@id":"https:\/\/equisana.ch\/fr\/alimentation-adaptee-a-lespece\/","url":"https:\/\/equisana.ch\/fr\/alimentation-adaptee-a-lespece\/","name":"Alimentation adapt\u00e9e \u00e0 l'esp\u00e8ce - Equisana Sarl tout simplement naturel","isPartOf":{"@id":"https:\/\/equisana.ch\/#website"},"primaryImageOfPage":{"@id":"https:\/\/equisana.ch\/fr\/alimentation-adaptee-a-lespece\/#primaryimage"},"image":{"@id":"https:\/\/equisana.ch\/fr\/alimentation-adaptee-a-lespece\/#primaryimage"},"thumbnailUrl":"https:\/\/equisana.ch\/wp-content\/uploads\/2019\/10\/Darco-optimized.jpg","datePublished":"2019-10-09T18:15:20+00:00","dateModified":"2024-05-12T12:13:21+00:00","description":"Guide sur le th\u00e8me de l'alimentation adapt\u00e9e \u00e0 l'esp\u00e8ce et \u00e0 ses besoins. Une base importante que tout propri\u00e9taire de cheval devrait conna\u00eetre!","breadcrumb":{"@id":"https:\/\/equisana.ch\/fr\/alimentation-adaptee-a-lespece\/#breadcrumb"},"inLanguage":"fr-FR","potentialAction":[{"@type":"ReadAction","target":["https:\/\/equisana.ch\/fr\/alimentation-adaptee-a-lespece\/"]}]},{"@type":"ImageObject","inLanguage":"fr-FR","@id":"https:\/\/equisana.ch\/fr\/alimentation-adaptee-a-lespece\/#primaryimage","url":"https:\/\/equisana.ch\/wp-content\/uploads\/2019\/10\/Darco-optimized.jpg","contentUrl":"https:\/\/equisana.ch\/wp-content\/uploads\/2019\/10\/Darco-optimized.jpg","width":800,"height":600,"caption":"equisana-ratgeber-artgerechte-f\u00fctterung"},{"@type":"BreadcrumbList","@id":"https:\/\/equisana.ch\/fr\/alimentation-adaptee-a-lespece\/#breadcrumb","itemListElement":[{"@type":"ListItem","position":1,"name":"Startseite","item":"https:\/\/equisana.ch\/"},{"@type":"ListItem","position":2,"name":"Alimentation adapt\u00e9e \u00e0 l&#8217;esp\u00e8ce"}]},{"@type":"WebSite","@id":"https:\/\/equisana.ch\/#website","url":"https:\/\/equisana.ch\/","name":"EQUISANA GmbH einfach nat\u00fcrlich","description":"Tout simplement naturel","publisher":{"@id":"https:\/\/equisana.ch\/#organization"},"potentialAction":[{"@type":"SearchAction","target":{"@type":"EntryPoint","urlTemplate":"https:\/\/equisana.ch\/?s={search_term_string}"},"query-input":{"@type":"PropertyValueSpecification","valueRequired":true,"valueName":"search_term_string"}}],"inLanguage":"fr-FR"},{"@type":"Organization","@id":"https:\/\/equisana.ch\/#organization","name":"EQUISANA GmbH einfach nat\u00fcrlich","url":"https:\/\/equisana.ch\/","logo":{"@type":"ImageObject","inLanguage":"fr-FR","@id":"https:\/\/equisana.ch\/#\/schema\/logo\/image\/","url":"https:\/\/equisana.ch\/wp-content\/uploads\/2023\/03\/cropped-equisana-logo.png","contentUrl":"https:\/\/equisana.ch\/wp-content\/uploads\/2023\/03\/cropped-equisana-logo.png","width":342,"height":124,"caption":"EQUISANA GmbH einfach nat\u00fcrlich"},"image":{"@id":"https:\/\/equisana.ch\/#\/schema\/logo\/image\/"},"sameAs":["https:\/\/www.facebook.com\/Equisana\/"]},{"@type":"Person","@id":"https:\/\/equisana.ch\/#\/schema\/person\/5933766b0bf5ec89e5251a9d96c726c0","name":"Fabiola H\u00fclsen","image":{"@type":"ImageObject","inLanguage":"fr-FR","@id":"https:\/\/secure.gravatar.com\/avatar\/732986e94ce7fe78962fb8e63f4e3404611df7d50822c1f240b40c2bb5cd641d?s=96&d=mm&r=g","url":"https:\/\/secure.gravatar.com\/avatar\/732986e94ce7fe78962fb8e63f4e3404611df7d50822c1f240b40c2bb5cd641d?s=96&d=mm&r=g","contentUrl":"https:\/\/secure.gravatar.com\/avatar\/732986e94ce7fe78962fb8e63f4e3404611df7d50822c1f240b40c2bb5cd641d?s=96&d=mm&r=g","caption":"Fabiola H\u00fclsen"},"url":"https:\/\/equisana.ch\/fr\/author\/fabiola\/"}]}},"_links":{"self":[{"href":"https:\/\/equisana.ch\/fr\/wp-json\/wp\/v2\/posts\/21985","targetHints":{"allow":["GET"]}}],"collection":[{"href":"https:\/\/equisana.ch\/fr\/wp-json\/wp\/v2\/posts"}],"about":[{"href":"https:\/\/equisana.ch\/fr\/wp-json\/wp\/v2\/types\/post"}],"author":[{"embeddable":true,"href":"https:\/\/equisana.ch\/fr\/wp-json\/wp\/v2\/users\/2"}],"replies":[{"embeddable":true,"href":"https:\/\/equisana.ch\/fr\/wp-json\/wp\/v2\/comments?post=21985"}],"version-history":[{"count":3,"href":"https:\/\/equisana.ch\/fr\/wp-json\/wp\/v2\/posts\/21985\/revisions"}],"predecessor-version":[{"id":23692,"href":"https:\/\/equisana.ch\/fr\/wp-json\/wp\/v2\/posts\/21985\/revisions\/23692"}],"wp:featuredmedia":[{"embeddable":true,"href":"https:\/\/equisana.ch\/fr\/wp-json\/wp\/v2\/media\/21988"}],"wp:attachment":[{"href":"https:\/\/equisana.ch\/fr\/wp-json\/wp\/v2\/media?parent=21985"}],"wp:term":[{"taxonomy":"category","embeddable":true,"href":"https:\/\/equisana.ch\/fr\/wp-json\/wp\/v2\/categories?post=21985"},{"taxonomy":"post_tag","embeddable":true,"href":"https:\/\/equisana.ch\/fr\/wp-json\/wp\/v2\/tags?post=21985"}],"curies":[{"name":"wp","href":"https:\/\/api.w.org\/{rel}","templated":true}]}}